{"id":964,"date":"2026-08-23T07:55:31","date_gmt":"2026-08-23T06:55:31","guid":{"rendered":"https:\/\/cursodepintoresdesegovia.es\/?p=964"},"modified":"2026-08-23T07:55:31","modified_gmt":"2026-08-23T06:55:31","slug":"xavier-pardell-pena-gana-el-undecimo-premio-literario-escribir-sobre-el-paisaje","status":"publish","type":"post","link":"https:\/\/cursodepintoresdesegovia.es\/?p=964","title":{"rendered":"Xavier Pardell Pe\u00f1a gana el und\u00e9cimo premio literario Escribir sobre el Paisaje"},"content":{"rendered":"\n<p class=\"wp-block-paragraph\">El patio del casta\u00f1o de la Casa-Museo Machado ha sido escenario este s\u00e1bado, 22 de agosto, de la entrega de premios de la XI edici\u00f3n del premio literario Escribir sobre el Paisaje, en el contexto del Curso de Pintores Pensionados del Paisaje, organizado por la Real Academia de Historia y Arte de San Quirce.<\/p>\n\n\n\n<p class=\"wp-block-paragraph\">El coordinador y secretario del jurado,&nbsp;<strong>Juancho del Barrio<\/strong>, acad\u00e9mico de San Quirce, ha conducido el acto, al que, por distintos motivos, no han podido acudir los galardonados. El primer premio ha sido para el texto&nbsp;<em>Lo que queda en las manos<\/em>, de&nbsp;<strong>Xavier Pardell Pe\u00f1a<\/strong>&nbsp;(Barcelona). Y el segundo premio, para&nbsp;<em>Reclamaci\u00f3n por exceso de horizonte<\/em>, de&nbsp;<strong>Patricia Aliaga Rodrigo<\/strong>&nbsp;(Tarragona). De entre m\u00e1s de 150 originales, procedentes de distintos lugares del mundo hispanohablante, el jurado, despu\u00e9s de una ardua tarea de deliberaci\u00f3n, ha seleccionado estos dos textos.<\/p>\n\n\n\n<p class=\"wp-block-paragraph\">El jurado ha estado compuesto por&nbsp;<strong>Jos\u00e9 Miguel Villar Bueno<\/strong>&nbsp;(profesor de Literatura),&nbsp;<strong>M\u00f3nica Gonz\u00e1lez In\u00e9s<\/strong>&nbsp;(escritora),&nbsp;<strong>Mar\u00eda Rubio Cerro<\/strong>&nbsp;(pintora) y&nbsp;<strong>Mario Pedrazuela Fuentes<\/strong>&nbsp;(profesor de Literatura y acad\u00e9mico correspondiente de San Quirce). Los tres primeros, presentes en la entrega de premios, han valorado los dos textos para justificar su decisi\u00f3n ante los asistentes.<\/p>\n\n\n\n<p class=\"wp-block-paragraph\">El primero de ellos,\u00a0<em>Lo que queda en las manos<\/em>, de Xavier Pardell Pe\u00f1a, destaca por evocar el paisaje de Segovia capital (Acueducto) y el de las Hoces del Durat\u00f3n, desde el aprendizaje de los sentidos, sobre todo, desde el tacto y el o\u00eddo. El paisaje, en su narraci\u00f3n, es una construcci\u00f3n heredada de modo fragmentario, que conserva el esp\u00edritu de quien nos lo presenta.<\/p>\n\n\n\n<p class=\"wp-block-paragraph\">Del segundo de los textos,&nbsp;<em>Reclamaci\u00f3n por exceso de horizonte<\/em>, de Patricia Aliaga Rodrigo, el jurado ha destacado el tono de humor e iron\u00eda con que la protagonista y narradora se enfrenta al paisaje, que parece invadir su vida en todos los momentos y lugares. Es significativo que el encuentro y di\u00e1logo con los vecinos forme parte relevante del paisaje diario humano para esta autora.<\/p>\n\n\n\n<p class=\"wp-block-paragraph\">Tanto&nbsp;<strong>Roc\u00edo Ruiz<\/strong>, del restaurante Jos\u00e9 Mar\u00eda, patrocinador del primer premio, como&nbsp;<strong>Guillermo Herrero<\/strong>, de la librer\u00eda Cervantes, patrocinador del segundo, han asistido al acto; y cada uno ha le\u00eddo sendas cartas de agradecimiento de los autores galardonados, al no poder asistir estos al acto de entrega, por dificultades familiares y personales. En ellas, ambos autores han justificado su atracci\u00f3n por el paisaje de Segovia y por la escritura literaria.<\/p>\n\n\n\n<p class=\"wp-block-paragraph\">La Real Academia de Historia y Arte de San Quirce sigue apostando por la reflexi\u00f3n sobre el paisaje; por eso este premio se incluye en el Curso de Pintores Pensionados del Paisaje.<\/p>\n","protected":false},"excerpt":{"rendered":"<p>El patio del casta\u00f1o de la Casa-Museo Machado ha sido escenario este s\u00e1bado, 22 de agosto, de la entrega de premios de la XI edici\u00f3n [&#8230;]<\/p>\n","protected":false},"author":3,"featured_media":965,"comment_status":"closed","ping_status":"closed","sticky":false,"template":"","format":"standard","meta":{"_coblocks_attr":"","_coblocks_dimensions":"","_coblocks_responsive_height":"","_coblocks_accordion_ie_support":"","_jetpack_memberships_contains_paid_content":false,"footnotes":""},"categories":[6],"tags":[],"class_list":["post-964","post","type-post","status-publish","format-standard","has-post-thumbnail","hentry","category-noticia"],"jetpack_featured_media_url":"https:\/\/cursodepintoresdesegovia.es\/wp-content\/uploads\/2026\/08\/1000187758.jpg","jetpack_sharing_enabled":true,"_links":{"self":[{"href":"https:\/\/cursodepintoresdesegovia.es\/index.php?rest_route=\/wp\/v2\/posts\/964","targetHints":{"allow":["GET"]}}],"collection":[{"href":"https:\/\/cursodepintoresdesegovia.es\/index.php?rest_route=\/wp\/v2\/posts"}],"about":[{"href":"https:\/\/cursodepintoresdesegovia.es\/index.php?rest_route=\/wp\/v2\/types\/post"}],"author":[{"embeddable":true,"href":"https:\/\/cursodepintoresdesegovia.es\/index.php?rest_route=\/wp\/v2\/users\/3"}],"replies":[{"embeddable":true,"href":"https:\/\/cursodepintoresdesegovia.es\/index.php?rest_route=%2Fwp%2Fv2%2Fcomments&post=964"}],"version-history":[{"count":1,"href":"https:\/\/cursodepintoresdesegovia.es\/index.php?rest_route=\/wp\/v2\/posts\/964\/revisions"}],"predecessor-version":[{"id":966,"href":"https:\/\/cursodepintoresdesegovia.es\/index.php?rest_route=\/wp\/v2\/posts\/964\/revisions\/966"}],"wp:featuredmedia":[{"embeddable":true,"href":"https:\/\/cursodepintoresdesegovia.es\/index.php?rest_route=\/wp\/v2\/media\/965"}],"wp:attachment":[{"href":"https:\/\/cursodepintoresdesegovia.es\/index.php?rest_route=%2Fwp%2Fv2%2Fmedia&parent=964"}],"wp:term":[{"taxonomy":"category","embeddable":true,"href":"https:\/\/cursodepintoresdesegovia.es\/index.php?rest_route=%2Fwp%2Fv2%2Fcategories&post=964"},{"taxonomy":"post_tag","embeddable":true,"href":"https:\/\/cursodepintoresdesegovia.es\/index.php?rest_route=%2Fwp%2Fv2%2Ftags&post=964"}],"curies":[{"name":"wp","href":"https:\/\/api.w.org\/{rel}","templated":true}]}}