{"id":927,"date":"2026-08-04T06:38:55","date_gmt":"2026-08-04T05:38:55","guid":{"rendered":"https:\/\/cursodepintoresdesegovia.es\/?p=927"},"modified":"2026-08-04T06:42:20","modified_gmt":"2026-08-04T05:42:20","slug":"gonzalo-borondo-a-los-pintores-pensionados-disfrutad-trabajad-y-jugad","status":"publish","type":"post","link":"https:\/\/cursodepintoresdesegovia.es\/?p=927","title":{"rendered":"Gonzalo Borondo, a los pintores: \u00abDisfrutad, trabajad y jugad\u00bb"},"content":{"rendered":"\n<p class=\"wp-block-paragraph\">La Real Academia de Historia y Arte de San Quirce ha inaugurado este lunes, 3 de agosto, la 108\u00aa edici\u00f3n del Curso de Pintores Pensionados del Paisaje de Segovia. El&nbsp;acto de bienvenida a los artistas, presidido por el director de la corporaci\u00f3n,&nbsp;<strong>Pablo Zamarr\u00f3n<\/strong>, reuni\u00f3 a autoridades, acad\u00e9micos y a los diecis\u00e9is participantes seleccionados, procedentes de las facultades de Bellas Artes de todo el pa\u00eds.<\/p>\n\n\n\n<p class=\"wp-block-paragraph\">Los pensionados de esta edici\u00f3n son&nbsp;<strong>Mirko Argento<\/strong>&nbsp;(Altea),&nbsp;<strong>Luc\u00eda Pantoja<\/strong>&nbsp;(Universidad Rey Juan Carlos),&nbsp;<strong>Luc\u00eda Tom\u00e1s<\/strong>&nbsp;(Barcelona),&nbsp;<strong>Clara Garc\u00eda<\/strong>&nbsp;(Granada),&nbsp;<strong>Mar\u00eda Bel\u00e9n Santiago<\/strong>&nbsp;(La Laguna),&nbsp;<strong>Celia de la Fuente y Miguel Nieto<\/strong>&nbsp;(Complutense),&nbsp;<strong>Roc\u00edo Guerra<\/strong>&nbsp;(M\u00e1laga),<strong>&nbsp;Andrea Melgarejo<\/strong>&nbsp;(Murcia),&nbsp;<strong>Yaiza G\u00f3mez<\/strong>&nbsp;(Salamanca),&nbsp;<strong>Ana Le\u00f3n<\/strong>&nbsp;(Sevilla),&nbsp;<strong>Aitana Esteban<\/strong>&nbsp;(Zaragoza),&nbsp;<strong>Mar\u00eda Luisa Rufete<\/strong>&nbsp;(Valencia),&nbsp;<strong>Chris Monroy<\/strong>&nbsp;(Vigo),<strong>&nbsp;David Garc\u00eda<\/strong>&nbsp;(Pa\u00eds Vasco) y&nbsp;<strong>Luc\u00eda Brizuela<\/strong>&nbsp;(Salamanca, becada de Segovia).<\/p>\n\n\n\n<figure class=\"wp-block-image size-large has-lightbox\"><img loading=\"lazy\" decoding=\"async\" width=\"1024\" height=\"619\" src=\"https:\/\/cursodepintoresdesegovia.es\/wp-content\/uploads\/2026\/08\/PINPEN26-137-1024x619.jpg\" alt=\"\" class=\"wp-image-933\" srcset=\"https:\/\/cursodepintoresdesegovia.es\/wp-content\/uploads\/2026\/08\/PINPEN26-137-1024x619.jpg 1024w, https:\/\/cursodepintoresdesegovia.es\/wp-content\/uploads\/2026\/08\/PINPEN26-137-300x181.jpg 300w, https:\/\/cursodepintoresdesegovia.es\/wp-content\/uploads\/2026\/08\/PINPEN26-137-768x464.jpg 768w, https:\/\/cursodepintoresdesegovia.es\/wp-content\/uploads\/2026\/08\/PINPEN26-137-1536x928.jpg 1536w, https:\/\/cursodepintoresdesegovia.es\/wp-content\/uploads\/2026\/08\/PINPEN26-137-2048x1238.jpg 2048w\" sizes=\"auto, (max-width: 1024px) 100vw, 1024px\" \/><figcaption class=\"wp-element-caption\">Rebimiento a los protagonistas del Curso en San Quirce \/ JOS\u00c9 MANUEL C\u00d3FRECES<\/figcaption><\/figure>\n\n\n\n<p class=\"wp-block-paragraph\">Zamarr\u00f3n record\u00f3 el origen del curso en 1919 en El Paular y su traslado en 1950 al Palacio de Quintanar, y anim\u00f3 a los j\u00f3venes a dejarse invadir por el paisaje. Intervinieron despu\u00e9s el vicepresidente de la Diputaci\u00f3n,&nbsp;<strong>Jos\u00e9 Mar\u00eda Bravo<\/strong>, el concejal de Cultura del Ayuntamiento de Segovia,&nbsp;<strong>Juan Carlos Monroy<\/strong>, el director general del Instituto del Patrimonio Cultural de Espa\u00f1a,&nbsp;<strong>Fernando S\u00e1ez Lara<\/strong>, y la secretaria de la Delegaci\u00f3n Territorial de la Junta de Castilla y Le\u00f3n,&nbsp;<strong>Ana Isabel Fuente<\/strong>, que coincidieron en subrayar el valor hist\u00f3rico y cultural de la cita y la importancia del apoyo institucional que la sostiene.<\/p>\n\n\n\n<p class=\"wp-block-paragraph\">El peso art\u00edstico y reflexivo del acto recay\u00f3 en el acad\u00e9mico y artista&nbsp;<strong>Gonzalo Borondo<\/strong>, que defini\u00f3 uno de los rasgos del Curso de manera contundente: \u00abLa pintura es una batalla con el peor de los enemigos, que es uno mismo, pero a la par es un ejercicio muy gratificante, saludable, del que vais a poder disfrutar en las calles y paisajes de Segovia\u00bb. Su consejo a los pensionados fue claro y directo: deben olvidarse de los juicios, de la exposici\u00f3n final y de c\u00f3mo ser\u00e1n valorados. \u00abDisfrutad, trabajad y jugad. Jugad duramente: descubriendo, sufriendo a veces, arriesgando, pero conociendo poco a poco la pintura\u00bb. Para el acad\u00e9mico, el valor del curso tambi\u00e9n reside en la dimensi\u00f3n anacr\u00f3nica y a la vez revolucionaria que posee: salir a pintar a la calle, detenerse a observar algo aparentemente inocuo, abandonar las pantallas y los m\u00f3viles. \u00abPonerse a esa batalla con uno mismo y tambi\u00e9n con los miedos, el calor, el fr\u00edo, el viento\u2026 a\u00f1aden un ingrediente m\u00e1s al trabajo\u00bb.<\/p>\n\n\n<div class=\"wp-block-image has-lightbox\">\n<figure class=\"aligncenter size-large is-resized\"><img loading=\"lazy\" decoding=\"async\" width=\"1024\" height=\"683\" src=\"https:\/\/cursodepintoresdesegovia.es\/wp-content\/uploads\/2026\/08\/PINPEN26-076-1024x683.jpg\" alt=\"\" class=\"wp-image-930\" style=\"aspect-ratio:1.5003348961821836;width:752px;height:auto\" srcset=\"https:\/\/cursodepintoresdesegovia.es\/wp-content\/uploads\/2026\/08\/PINPEN26-076-1024x683.jpg 1024w, https:\/\/cursodepintoresdesegovia.es\/wp-content\/uploads\/2026\/08\/PINPEN26-076-300x200.jpg 300w, https:\/\/cursodepintoresdesegovia.es\/wp-content\/uploads\/2026\/08\/PINPEN26-076-768x512.jpg 768w, https:\/\/cursodepintoresdesegovia.es\/wp-content\/uploads\/2026\/08\/PINPEN26-076-1536x1024.jpg 1536w, https:\/\/cursodepintoresdesegovia.es\/wp-content\/uploads\/2026\/08\/PINPEN26-076-2048x1365.jpg 2048w\" sizes=\"auto, (max-width: 1024px) 100vw, 1024px\" \/><figcaption class=\"wp-element-caption\">Joaqu\u00edn Mill\u00e1n, director del Curso, habla desde el amb\u00f3n \/ JOS\u00c9 MANUEL C\u00d3FRECES<\/figcaption><\/figure>\n<\/div>\n\n\n<p class=\"wp-block-paragraph\">Por su parte,&nbsp;<strong>Joaqu\u00edn Mill\u00e1n<\/strong>, director del curso, valor\u00f3 el momento vital en que se encuentran los j\u00f3venes artistas que disfrutar\u00e1n de la beca, previo a la profesionalidad. \u00abYo les animo a crear un paisaje sincero, de coraz\u00f3n, que contemple el nuevo paisaje contempor\u00e1neo\u00bb, dijo. Mill\u00e1n reivindic\u00f3 la necesidad de actualizar la tradici\u00f3n, porque estos j\u00f3venes no solo pintan; tambi\u00e9n viven inmersos en redes sociales, GPS, localizadores y buscadores de im\u00e1genes. El reto consiste en confrontar ese bagaje tecnol\u00f3gico y personal con un territorio que no conocen. \u00abEl cuadro en blanco tambi\u00e9n existe. Todos los pintores tenemos miedos e improntas que se manifiestan en la obra\u00bb, dijo, y reclam\u00f3 la recuperaci\u00f3n de la capacidad hist\u00f3rica de los pintores para ense\u00f1ar a mirar la naturaleza. Frente a la masificaci\u00f3n de im\u00e1genes, a los \u00abcazadores de fotograf\u00edas\u00bb y a la hipocres\u00eda de ciertos espacios protegidos mientras otros se abandonan, Joaqu\u00edn Mill\u00e1n pidi\u00f3 a los pensionados un compromiso \u00e9tico: \u00abCuando cogen un pincel no solamente est\u00e1n pintando algo hermoso o una l\u00ednea de colores, sino reivindicando una manera de ver y entender\u00bb.<\/p>\n\n\n\n<figure class=\"wp-block-image size-large has-lightbox\"><img loading=\"lazy\" decoding=\"async\" width=\"1024\" height=\"683\" src=\"https:\/\/cursodepintoresdesegovia.es\/wp-content\/uploads\/2026\/08\/PINPEN26-171-1024x683.jpg\" alt=\"\" class=\"wp-image-931\" srcset=\"https:\/\/cursodepintoresdesegovia.es\/wp-content\/uploads\/2026\/08\/PINPEN26-171-1024x683.jpg 1024w, https:\/\/cursodepintoresdesegovia.es\/wp-content\/uploads\/2026\/08\/PINPEN26-171-300x200.jpg 300w, https:\/\/cursodepintoresdesegovia.es\/wp-content\/uploads\/2026\/08\/PINPEN26-171-768x512.jpg 768w, https:\/\/cursodepintoresdesegovia.es\/wp-content\/uploads\/2026\/08\/PINPEN26-171-1536x1024.jpg 1536w, https:\/\/cursodepintoresdesegovia.es\/wp-content\/uploads\/2026\/08\/PINPEN26-171-2048x1365.jpg 2048w\" sizes=\"auto, (max-width: 1024px) 100vw, 1024px\" \/><figcaption class=\"wp-element-caption\">Algunos de los artristas becados, en el Palacio Quintanar \/ JOS\u00c9 MANUEL C\u00d3FRECES<\/figcaption><\/figure>\n\n\n\n<p class=\"wp-block-paragraph\">Despu\u00e9s del acto, los asistentes tuvieron la oportunidad de disfrutar de un vino en el patio del Palacio Quintanar, sede natural del Curso de Pintores, que se desarrollar\u00e1 a lo largo del mes de agosto, con trabajo de campo en la ciudad y la provincia, y culminar\u00e1 con una exposici\u00f3n en La Alh\u00f3ndiga, los \u00faltimos d\u00edas.<\/p>\n\n\n\n<p class=\"wp-block-paragraph\">Un siglo despu\u00e9s de su nacimiento, el Curso de Pintores Pensionados del Paisaje de Segovia sigue siendo un espacio de formaci\u00f3n, convivencia y, sobre todo, de mirada renovada sobre el territorio<\/p>\n","protected":false},"excerpt":{"rendered":"<p>La Real Academia de Historia y Arte de San Quirce ha inaugurado este lunes, 3 de agosto, la 108\u00aa edici\u00f3n del Curso de Pintores Pensionados [&#8230;]<\/p>\n","protected":false},"author":3,"featured_media":928,"comment_status":"closed","ping_status":"closed","sticky":false,"template":"","format":"standard","meta":{"_coblocks_attr":"","_coblocks_dimensions":"","_coblocks_responsive_height":"","_coblocks_accordion_ie_support":"","_jetpack_memberships_contains_paid_content":false,"footnotes":""},"categories":[1],"tags":[],"class_list":["post-927","post","type-post","status-publish","format-standard","has-post-thumbnail","hentry","category-informacion-practica"],"jetpack_featured_media_url":"https:\/\/cursodepintoresdesegovia.es\/wp-content\/uploads\/2026\/08\/PINPEN26-071.jpg","jetpack_sharing_enabled":true,"_links":{"self":[{"href":"https:\/\/cursodepintoresdesegovia.es\/index.php?rest_route=\/wp\/v2\/posts\/927","targetHints":{"allow":["GET"]}}],"collection":[{"href":"https:\/\/cursodepintoresdesegovia.es\/index.php?rest_route=\/wp\/v2\/posts"}],"about":[{"href":"https:\/\/cursodepintoresdesegovia.es\/index.php?rest_route=\/wp\/v2\/types\/post"}],"author":[{"embeddable":true,"href":"https:\/\/cursodepintoresdesegovia.es\/index.php?rest_route=\/wp\/v2\/users\/3"}],"replies":[{"embeddable":true,"href":"https:\/\/cursodepintoresdesegovia.es\/index.php?rest_route=%2Fwp%2Fv2%2Fcomments&post=927"}],"version-history":[{"count":3,"href":"https:\/\/cursodepintoresdesegovia.es\/index.php?rest_route=\/wp\/v2\/posts\/927\/revisions"}],"predecessor-version":[{"id":935,"href":"https:\/\/cursodepintoresdesegovia.es\/index.php?rest_route=\/wp\/v2\/posts\/927\/revisions\/935"}],"wp:featuredmedia":[{"embeddable":true,"href":"https:\/\/cursodepintoresdesegovia.es\/index.php?rest_route=\/wp\/v2\/media\/928"}],"wp:attachment":[{"href":"https:\/\/cursodepintoresdesegovia.es\/index.php?rest_route=%2Fwp%2Fv2%2Fmedia&parent=927"}],"wp:term":[{"taxonomy":"category","embeddable":true,"href":"https:\/\/cursodepintoresdesegovia.es\/index.php?rest_route=%2Fwp%2Fv2%2Fcategories&post=927"},{"taxonomy":"post_tag","embeddable":true,"href":"https:\/\/cursodepintoresdesegovia.es\/index.php?rest_route=%2Fwp%2Fv2%2Ftags&post=927"}],"curies":[{"name":"wp","href":"https:\/\/api.w.org\/{rel}","templated":true}]}}