{"id":922,"date":"2026-07-27T18:59:23","date_gmt":"2026-07-27T17:59:23","guid":{"rendered":"https:\/\/cursodepintoresdesegovia.es\/?p=922"},"modified":"2026-07-27T18:59:23","modified_gmt":"2026-07-27T17:59:23","slug":"el-curso-de-pintores-del-paisaje-se-abre-al-publico-con-un-amplio-programa-cultural","status":"publish","type":"post","link":"https:\/\/cursodepintoresdesegovia.es\/?p=922","title":{"rendered":"El Curso de Pintores del Paisaje se abre al p\u00fablico con un amplio programa cultural"},"content":{"rendered":"\n<p class=\"wp-block-paragraph\">El 108\u00ba Curso de Pintores Pensionados del Paisaje de Segovia volver\u00e1 a convertir la ciudad en un&nbsp;<strong>punto de encuentro para el arte y la reflexi\u00f3n<\/strong>&nbsp;sobre el paisaje con una programaci\u00f3n abierta al p\u00fablico que se desarrollar\u00e1 entre el 3 y el 25 de agosto, en paralelo a las actividades destinadas a los diecis\u00e9is pintores que toman parte en el Curso. Conferencias, visitas guiadas, exposiciones, actividades literarias y propuestas participativas complementar\u00e1n el trabajo de los artistas becados, lo que contribuir\u00e1 a acercar la creaci\u00f3n contempor\u00e1nea a vecinos y visitantes.<\/p>\n\n\n\n<p class=\"wp-block-paragraph\">La programaci\u00f3n \u2018en abierto\u2019 comenzar\u00e1 el&nbsp;<strong>3 de agosto<\/strong>, a las&nbsp;<strong>20:00 horas<\/strong>, con la apertura oficial del curso en el Aula de San Quirce. Tres d\u00edas despu\u00e9s, el&nbsp;<strong>6 de agosto<\/strong>, en el mismo lugar, el acad\u00e9mico&nbsp;<strong>Nicol\u00e1s Ortega<\/strong>&nbsp;pronunciar\u00e1 la conferencia titulada&nbsp;<em>La visi\u00f3n del paisaje en la pintura de Aureliano de Beruete<\/em>, en la que tambi\u00e9n se presentar\u00e1 el folleto, recientemente editado por la Academia, que recoge la ponencia que Ortega ofreci\u00f3 el pasado a\u00f1o, dedicada a los or\u00edgenes del Curso de Pintores.<\/p>\n\n\n\n<p class=\"wp-block-paragraph\">El&nbsp;<strong>12 de agosto<\/strong>&nbsp;tendr\u00e1 lugar una visita guiada a la exposici\u00f3n&nbsp;<em>Excelso<\/em>, de Pablo Merchante, en el Museo Esteban Vicente, aunque con plazas limitadas (confirmar en el 605035570). La programaci\u00f3n continuar\u00e1 el&nbsp;<strong>16 de agosto<\/strong>&nbsp;en San Quirce con la conferencia de&nbsp;<strong>Jos\u00e9 Francisco Mart\u00edn Duque<\/strong>&nbsp;titulada&nbsp;<em>Paisaje e identidad: la recuperaci\u00f3n del sentido de lugar<\/em>.<\/p>\n\n\n\n<p class=\"wp-block-paragraph\"><strong>Exposici\u00f3n y mural colectivo<\/strong><\/p>\n\n\n\n<p class=\"wp-block-paragraph\">Uno de los momentos centrales llegar\u00e1 el&nbsp;<strong>20 de agosto<\/strong>, con la inauguraci\u00f3n de la exposici\u00f3n colectiva y la adjudicaci\u00f3n de medallas en La Alh\u00f3ndiga. Adem\u00e1s, el&nbsp;<strong>22 de agosto<\/strong>&nbsp;se entregar\u00e1n los premios del concurso literario Escribir sobre el Paisaje en la Casa-Museo de Antonio Machado.<\/p>\n\n\n\n<p class=\"wp-block-paragraph\">El cierre llegar\u00e1 el&nbsp;<strong>24 de agosto<\/strong>&nbsp;con la presentaci\u00f3n de un mural colectivo en el CEIP Mart\u00edn Chico y una fiesta de fin de curso en los Jardines de los Zuloaga, amenizada por la banda&nbsp;<strong>El B\u00faho<\/strong>. La exposici\u00f3n colectiva permanecer\u00e1 abierta al p\u00fablico del&nbsp;<strong>21 al 25 de agosto<\/strong>, en horario de 12:00 a 14:00 y de 18:00 a 21:00 horas, en la Casa de la Alh\u00f3ndiga.<\/p>\n\n\n\n\t\t<div class=\"wppdfemb-frame-container-1\" style=\"-webkit-overflow-scrolling:auto;\">\n\t\t\t<iframe class=\"pdfembed-iframe nonfullscreen wppdf-emb-iframe-1\"\n\t\t\t\tsrc=\"https:\/\/cursodepintoresdesegovia.es\/?pdfemb-data=eyJwZGZJRCI6OTIzLCJ1cmwiOiJodHRwczpcL1wvY3Vyc29kZXBpbnRvcmVzZGVzZWdvdmlhLmVzXC93cC1jb250ZW50XC91cGxvYWRzXC8yMDI2XC8wN1wvY3Vyc28tcGludG9yZXMtY29mcmVjZXMuanBnIiwiaW5kZXgiOjF9\"\n\t\t\t\t\t\t\t\tdata-pdf-id=\"923\"\n\t\t\t\tdata-pdf-index=\"1\"\n\t\t\t\tstyle=\"border:none;width:100%;max-width:100%;height:100vh;\"\n\t\t\t\tscrolling=\"yes\">\n\t\t\t<\/iframe>\n\t\t<\/div>\n\n\t\t","protected":false},"excerpt":{"rendered":"<p>El 108\u00ba Curso de Pintores Pensionados del Paisaje de Segovia volver\u00e1 a convertir la ciudad en un&nbsp;punto de encuentro para el arte y la reflexi\u00f3n&nbsp;sobre [&#8230;]<\/p>\n","protected":false},"author":3,"featured_media":924,"comment_status":"closed","ping_status":"closed","sticky":false,"template":"","format":"standard","meta":{"_coblocks_attr":"","_coblocks_dimensions":"","_coblocks_responsive_height":"","_coblocks_accordion_ie_support":"","_jetpack_memberships_contains_paid_content":false,"footnotes":""},"categories":[1],"tags":[],"class_list":["post-922","post","type-post","status-publish","format-standard","has-post-thumbnail","hentry","category-informacion-practica"],"jetpack_featured_media_url":"https:\/\/cursodepintoresdesegovia.es\/wp-content\/uploads\/2026\/07\/curso-pintores-cofreces-1.jpg","jetpack_sharing_enabled":true,"_links":{"self":[{"href":"https:\/\/cursodepintoresdesegovia.es\/index.php?rest_route=\/wp\/v2\/posts\/922","targetHints":{"allow":["GET"]}}],"collection":[{"href":"https:\/\/cursodepintoresdesegovia.es\/index.php?rest_route=\/wp\/v2\/posts"}],"about":[{"href":"https:\/\/cursodepintoresdesegovia.es\/index.php?rest_route=\/wp\/v2\/types\/post"}],"author":[{"embeddable":true,"href":"https:\/\/cursodepintoresdesegovia.es\/index.php?rest_route=\/wp\/v2\/users\/3"}],"replies":[{"embeddable":true,"href":"https:\/\/cursodepintoresdesegovia.es\/index.php?rest_route=%2Fwp%2Fv2%2Fcomments&post=922"}],"version-history":[{"count":1,"href":"https:\/\/cursodepintoresdesegovia.es\/index.php?rest_route=\/wp\/v2\/posts\/922\/revisions"}],"predecessor-version":[{"id":925,"href":"https:\/\/cursodepintoresdesegovia.es\/index.php?rest_route=\/wp\/v2\/posts\/922\/revisions\/925"}],"wp:featuredmedia":[{"embeddable":true,"href":"https:\/\/cursodepintoresdesegovia.es\/index.php?rest_route=\/wp\/v2\/media\/924"}],"wp:attachment":[{"href":"https:\/\/cursodepintoresdesegovia.es\/index.php?rest_route=%2Fwp%2Fv2%2Fmedia&parent=922"}],"wp:term":[{"taxonomy":"category","embeddable":true,"href":"https:\/\/cursodepintoresdesegovia.es\/index.php?rest_route=%2Fwp%2Fv2%2Fcategories&post=922"},{"taxonomy":"post_tag","embeddable":true,"href":"https:\/\/cursodepintoresdesegovia.es\/index.php?rest_route=%2Fwp%2Fv2%2Ftags&post=922"}],"curies":[{"name":"wp","href":"https:\/\/api.w.org\/{rel}","templated":true}]}}