{"id":918,"date":"2026-07-21T23:25:26","date_gmt":"2026-07-21T22:25:26","guid":{"rendered":"https:\/\/cursodepintoresdesegovia.es\/?p=918"},"modified":"2026-07-21T23:27:34","modified_gmt":"2026-07-21T22:27:34","slug":"dieciseis-artistas-participaran-en-la-108a-edicion-del-curso-de-pintores-de-segovia","status":"publish","type":"post","link":"https:\/\/cursodepintoresdesegovia.es\/?p=918","title":{"rendered":"Diecis\u00e9is artistas participar\u00e1n en la 108\u00aa edici\u00f3n del Curso de Pintores de Segovia"},"content":{"rendered":"\n<p class=\"wp-block-paragraph\">Segovia acoger\u00e1, entre los d\u00edas&nbsp;<strong>3 y 25 de agosto<\/strong>, la&nbsp;<strong>108.\u00aa edici\u00f3n del Curso de Pintores Pensionados del Paisaje de Segovia<\/strong>, una de las iniciativas de formaci\u00f3n art\u00edstica m\u00e1s antiguas y prestigiosas del panorama nacional, organizada por la&nbsp;<strong>Real Academia de Historia y Arte de San Quirce<\/strong>.<\/p>\n\n\n\n<p class=\"wp-block-paragraph\">El acto inaugural se celebrar\u00e1 el&nbsp;<strong>domingo 3 de agosto, a las 20:00 horas<\/strong>, en el&nbsp;<strong>Aula de San Quirce<\/strong>, donde tendr\u00e1 lugar la recepci\u00f3n oficial de los&nbsp;<strong>diecis\u00e9is pensionados&nbsp;<\/strong>que participar\u00e1n en esta edici\u00f3n. Los artistas proceden de distintas&nbsp;<strong>Facultades de Bellas Artes de Espa\u00f1a<\/strong>, a las que se suma la plaza convocada para un artista vinculado a Segovia, conformando un grupo que convivir\u00e1 y trabajar\u00e1 durante m\u00e1s de tres semanas en la ciudad y su provincia.<\/p>\n\n\n\n<p class=\"wp-block-paragraph\">Durante este periodo, los participantes desarrollar\u00e1n un intenso programa de trabajo centrado en la pr\u00e1ctica art\u00edstica y el estudio del paisaje segoviano. A las tradicionales jornadas de&nbsp;<strong>pintura al natural&nbsp;<\/strong>se sumar\u00e1n las sesiones de&nbsp;<strong>trabajo en taller<\/strong>, as\u00ed como visitas, encuentros con artistas, conferencias y diversas actividades culturales que convertir\u00e1n nuevamente a Segovia en un espacio de creaci\u00f3n, intercambio y reflexi\u00f3n en torno al paisaje contempor\u00e1neo.<\/p>\n\n\n\n<p class=\"wp-block-paragraph\">La direcci\u00f3n art\u00edstica del curso volver\u00e1 a estar a cargo de&nbsp;<strong>Joaqu\u00edn Mill\u00e1n<\/strong>, con la coordinaci\u00f3n de&nbsp;<strong>Fernando Herranz&nbsp;<\/strong>y la producci\u00f3n de&nbsp;<strong>Sonia Tapias<\/strong>, contando con el respaldo y la implicaci\u00f3n de la&nbsp;<strong>Real Academia de Historia y Arte de San Quirce<\/strong>, que mantiene vivo este proyecto centenario como una de sus iniciativas culturales m\u00e1s representativas.<\/p>\n\n\n\n<figure class=\"wp-block-image size-large\"><img loading=\"lazy\" decoding=\"async\" width=\"1024\" height=\"676\" src=\"https:\/\/cursodepintoresdesegovia.es\/wp-content\/uploads\/2026\/07\/pintores2601-1024x676.png\" alt=\"\" class=\"wp-image-919\" srcset=\"https:\/\/cursodepintoresdesegovia.es\/wp-content\/uploads\/2026\/07\/pintores2601-1024x676.png 1024w, https:\/\/cursodepintoresdesegovia.es\/wp-content\/uploads\/2026\/07\/pintores2601-300x198.png 300w, https:\/\/cursodepintoresdesegovia.es\/wp-content\/uploads\/2026\/07\/pintores2601-768x507.png 768w, https:\/\/cursodepintoresdesegovia.es\/wp-content\/uploads\/2026\/07\/pintores2601.png 1280w\" sizes=\"auto, (max-width: 1024px) 100vw, 1024px\" \/><figcaption class=\"wp-element-caption\">Uno de los participantes en la pasada edici\u00f3n, en plena faena \/ JOS\u00c9 MANUEL C\u00d3FRECES<\/figcaption><\/figure>\n\n\n\n<p class=\"wp-block-paragraph\">La celebraci\u00f3n del curso es posible gracias al patrocinio de instituciones comprometidas con la cultura y el patrimonio art\u00edstico, entre ellas el&nbsp;<strong>Ayuntamiento de Segovia<\/strong>, la&nbsp;<strong>Diputaci\u00f3n Provincial de Segovia<\/strong>, la&nbsp;<strong>Junta de Castilla y Le\u00f3n<\/strong>, a trav\u00e9s de la&nbsp;<strong>Fundaci\u00f3n Siglo para el Turismo y las Artes de Castilla y Le\u00f3n<\/strong>, y la&nbsp;<strong>Direcci\u00f3n General de Bellas Artes<\/strong>.<\/p>\n\n\n\n<p class=\"wp-block-paragraph\">Asimismo, el curso cuenta con el apoyo econ\u00f3mico de entidades patrocinadoras como el&nbsp;<strong>Patronato del Alc\u00e1zar de Segovia&nbsp;<\/strong>y la&nbsp;<strong>Fundaci\u00f3n Rodera Robles<\/strong>, adem\u00e1s de la colaboraci\u00f3n continuada de empresas segovianas que, edici\u00f3n tras edici\u00f3n, contribuyen al desarrollo de esta iniciativa, como&nbsp;<strong>Restaurante Bernardino<\/strong>,&nbsp;<strong>Casa Duque<\/strong>,&nbsp;<strong>Mes\u00f3n de C\u00e1ndido<\/strong>,&nbsp;<strong>Restaurante Jos\u00e9 Mar\u00eda&nbsp;<\/strong>y&nbsp;<strong>Librer\u00eda Cervantes<\/strong>, estas dos \u00faltimas vinculadas al&nbsp;<strong>Premio Literario Escribir sobre el Paisaje<\/strong>, una actividad paralela que fomenta el di\u00e1logo entre la creaci\u00f3n pict\u00f3rica y la literatura.<\/p>\n\n\n\n<p class=\"wp-block-paragraph\">Con m\u00e1s de un siglo de historia, el Curso de Pintores Pensionados del Paisaje de Segovia contin\u00faa siendo un referente nacional en la formaci\u00f3n art\u00edstica que consolida a Segovia como un espacio privilegiado para la creaci\u00f3n contempor\u00e1nea y el encuentro entre j\u00f3venes artistas, maestros e instituciones culturales.<\/p>\n","protected":false},"excerpt":{"rendered":"<p>Segovia acoger\u00e1, entre los d\u00edas&nbsp;3 y 25 de agosto, la&nbsp;108.\u00aa edici\u00f3n del Curso de Pintores Pensionados del Paisaje de Segovia, una de las iniciativas de [&#8230;]<\/p>\n","protected":false},"author":3,"featured_media":920,"comment_status":"closed","ping_status":"closed","sticky":false,"template":"","format":"standard","meta":{"_coblocks_attr":"","_coblocks_dimensions":"","_coblocks_responsive_height":"","_coblocks_accordion_ie_support":"","_jetpack_memberships_contains_paid_content":false,"footnotes":""},"categories":[6],"tags":[],"class_list":["post-918","post","type-post","status-publish","format-standard","has-post-thumbnail","hentry","category-noticia"],"jetpack_featured_media_url":"https:\/\/cursodepintoresdesegovia.es\/wp-content\/uploads\/2026\/07\/pintores26.png","jetpack_sharing_enabled":true,"_links":{"self":[{"href":"https:\/\/cursodepintoresdesegovia.es\/index.php?rest_route=\/wp\/v2\/posts\/918","targetHints":{"allow":["GET"]}}],"collection":[{"href":"https:\/\/cursodepintoresdesegovia.es\/index.php?rest_route=\/wp\/v2\/posts"}],"about":[{"href":"https:\/\/cursodepintoresdesegovia.es\/index.php?rest_route=\/wp\/v2\/types\/post"}],"author":[{"embeddable":true,"href":"https:\/\/cursodepintoresdesegovia.es\/index.php?rest_route=\/wp\/v2\/users\/3"}],"replies":[{"embeddable":true,"href":"https:\/\/cursodepintoresdesegovia.es\/index.php?rest_route=%2Fwp%2Fv2%2Fcomments&post=918"}],"version-history":[{"count":1,"href":"https:\/\/cursodepintoresdesegovia.es\/index.php?rest_route=\/wp\/v2\/posts\/918\/revisions"}],"predecessor-version":[{"id":921,"href":"https:\/\/cursodepintoresdesegovia.es\/index.php?rest_route=\/wp\/v2\/posts\/918\/revisions\/921"}],"wp:featuredmedia":[{"embeddable":true,"href":"https:\/\/cursodepintoresdesegovia.es\/index.php?rest_route=\/wp\/v2\/media\/920"}],"wp:attachment":[{"href":"https:\/\/cursodepintoresdesegovia.es\/index.php?rest_route=%2Fwp%2Fv2%2Fmedia&parent=918"}],"wp:term":[{"taxonomy":"category","embeddable":true,"href":"https:\/\/cursodepintoresdesegovia.es\/index.php?rest_route=%2Fwp%2Fv2%2Fcategories&post=918"},{"taxonomy":"post_tag","embeddable":true,"href":"https:\/\/cursodepintoresdesegovia.es\/index.php?rest_route=%2Fwp%2Fv2%2Ftags&post=918"}],"curies":[{"name":"wp","href":"https:\/\/api.w.org\/{rel}","templated":true}]}}